{"id":9301,"date":"2020-05-20T11:01:14","date_gmt":"2020-05-20T09:01:14","guid":{"rendered":"https:\/\/ecolededesign.fr\/portrait-de-diplome-felix-rouquet\/"},"modified":"2020-11-13T15:10:18","modified_gmt":"2020-11-13T14:10:18","slug":"portrait-de-diplome-felix-rouquet","status":"publish","type":"post","link":"https:\/\/ecolededesign.fr\/en\/portrait-de-diplome-felix-rouquet\/","title":{"rendered":"Graduate portrait: F\u00e9lix Rouquet"},"content":{"rendered":"\n<p>F\u00e9lix is a&nbsp;designer and product manager.&nbsp;He completed the school&#8217;s <a href=\"https:\/\/ecolededesign.fr\/des-diplomes\/bac5-designer-concepteur-de-projet\/schema-des-etudes\/\" target=\"_blank\" rel=\"noreferrer noopener\">Postgraduate degree in Project Design<\/a>, and&nbsp;for his degree project, he designed an electric bicycle in collaboration with the Gitane brand produced by&nbsp;<a href=\"http:\/\/www.cycleurope.fr\/\" target=\"_blank\" rel=\"noreferrer noopener\">Cycleurope Industries<\/a>.<\/p>\n\n\n\n<p>After an end-of-programme internship with&nbsp;<a href=\"https:\/\/www.studiojbsb.com\/\" target=\"_blank\" rel=\"noreferrer noopener\">Jean-Baptiste Sibertin Blanc<\/a> and an initial work experience, he was contacted by Cycleurope who wanted to recruit him as a&nbsp;designer and product manager.<\/p>\n\n\n\n<p>He is now lucky enough to be developing the bicycle he came up with for his degree project and working towards getting it to market.&nbsp;Between project and realisation, there is only one step!<\/p>\n\n\n\n<p>From his studies and work experience to his assignments as product manager, not to mention his semester abroad, check out his video portrait!<\/p>\n\n\n\n<figure class=\"wp-block-embed-youtube aligncenter wp-block-embed is-type-video is-provider-youtube wp-embed-aspect-16-9 wp-has-aspect-ratio\"><div class=\"wp-block-embed__wrapper\">\n<iframe title=\"Portrait de dipl\u00f4m\u00e9 - F\u00e9lix Rouquet - Designer produit\" width=\"500\" height=\"281\" src=\"https:\/\/www.youtube.com\/embed\/XuCMSbfrIHY?feature=oembed\" frameborder=\"0\" allow=\"accelerometer; autoplay; clipboard-write; encrypted-media; gyroscope; picture-in-picture; web-share\" referrerpolicy=\"strict-origin-when-cross-origin\" allowfullscreen><\/iframe>\n<\/div><figcaption>F\u00e9lix Rouquet &#8211; Product designer at Cycleurope<\/figcaption><\/figure>\n\n\n\n<p><em>A video by Julie Bassonville, 3 rd year student.<\/em><\/p>\n\n\n\n<p class=\"has-medium-font-size\"><strong>If you want to join our school in the 2nd, 3rd or 4th year to train yourself in the management of design projects in a company, you can apply!<\/strong><a href=\"https:\/\/ecolededesign.fr\/admission\/mode-demploi\/vous-souhaitez-integrer-en-2e-3e-4e-annee\/\" rel=\"noreferrer noopener\" target=\"_blank\">Admission<\/a> : dossier sur <a href=\"http:\/\/admission.yschools.fr\" target=\"_blank\" rel=\"noreferrer noopener\">admission.yschools.fr<\/a> + portfolio + entretien de motivation par skype.<\/p>\n\n\n\n<p>Admission: file on <a href=\"apply.yschools.fr\">apply.yschools.fr<\/a> + portfolio + motivation interview by skype.<\/p>\n","protected":false},"excerpt":{"rendered":"<p>F\u00e9lix is a&nbsp;designer and product manager.&nbsp;He completed the school&#8217;s Postgraduate degree in Project Design, and&nbsp;for his degree project, he designed an electric bicycle in collaboration with the Gitane brand produced by&nbsp;Cycleurope Industries. After an end-of-programme internship with&nbsp;Jean-Baptiste Sibertin Blanc and an initial work experience, he was contacted by Cycleurope who wanted to recruit him as [&hellip;]<\/p>\n","protected":false},"author":3,"featured_media":9302,"comment_status":"closed","ping_status":"closed","sticky":false,"template":"","format":"standard","meta":{"_acf_changed":false,"_editorskit_title_hidden":false,"_editorskit_reading_time":0,"_editorskit_is_block_options_detached":false,"_editorskit_block_options_position":"{}","footnotes":""},"categories":[18],"tags":[],"class_list":["post-9301","post","type-post","status-publish","format-standard","has-post-thumbnail","hentry","category-actualites-en"],"acf":[],"yoast_head":"<!-- This site is optimized with the Yoast SEO plugin v26.4 - https:\/\/yoast.com\/wordpress\/plugins\/seo\/ -->\n<title>Graduate portrait: F\u00e9lix Rouquet - Ecole de design - Ecole Sup\u00e9rieure de Design de Troyes<\/title>\n<meta name=\"description\" content=\"F\u00e9lix Rouquet est designer chef de produit. De son parcours scolaire et professionel \u00e0 ses missions actuelles, d\u00e9couvrez son portrait en vid\u00e9o.\" \/>\n<meta name=\"robots\" content=\"index, follow, max-snippet:-1, max-image-preview:large, max-video-preview:-1\" \/>\n<link rel=\"canonical\" href=\"https:\/\/ecolededesign.fr\/en\/portrait-de-diplome-felix-rouquet\/\" \/>\n<meta property=\"og:locale\" content=\"en_US\" \/>\n<meta property=\"og:type\" content=\"article\" \/>\n<meta property=\"og:title\" content=\"Graduate portrait: F\u00e9lix Rouquet - Ecole de design - Ecole Sup\u00e9rieure de Design de Troyes\" \/>\n<meta property=\"og:description\" content=\"F\u00e9lix Rouquet est designer chef de produit. De son parcours scolaire et professionel \u00e0 ses missions actuelles, d\u00e9couvrez son portrait en vid\u00e9o.\" \/>\n<meta property=\"og:url\" content=\"https:\/\/ecolededesign.fr\/en\/portrait-de-diplome-felix-rouquet\/\" \/>\n<meta property=\"og:site_name\" content=\"Ecole de design - Ecole Sup\u00e9rieure de Design de Troyes\" \/>\n<meta property=\"article:publisher\" content=\"https:\/\/www.facebook.com\/ecolesuperieuredesigntroyes\/\" \/>\n<meta property=\"article:published_time\" content=\"2020-05-20T09:01:14+00:00\" \/>\n<meta property=\"article:modified_time\" content=\"2020-11-13T14:10:18+00:00\" \/>\n<meta property=\"og:image\" content=\"https:\/\/ecolededesign.fr\/wp-content\/uploads\/2020\/05\/F\u00e9lix-Rouquet-e1589965090866.png\" \/>\n\t<meta property=\"og:image:width\" content=\"1392\" \/>\n\t<meta property=\"og:image:height\" content=\"1080\" \/>\n\t<meta property=\"og:image:type\" content=\"image\/png\" \/>\n<meta name=\"author\" content=\"Lopez\" \/>\n<meta name=\"twitter:card\" content=\"summary_large_image\" \/>\n<meta name=\"twitter:label1\" content=\"Written by\" \/>\n\t<meta name=\"twitter:data1\" content=\"Lopez\" \/>\n\t<meta name=\"twitter:label2\" content=\"Est. reading time\" \/>\n\t<meta name=\"twitter:data2\" content=\"1 minute\" \/>\n<script type=\"application\/ld+json\" class=\"yoast-schema-graph\">{\"@context\":\"https:\/\/schema.org\",\"@graph\":[{\"@type\":\"Article\",\"@id\":\"https:\/\/ecolededesign.fr\/en\/portrait-de-diplome-felix-rouquet\/#article\",\"isPartOf\":{\"@id\":\"https:\/\/ecolededesign.fr\/en\/portrait-de-diplome-felix-rouquet\/\"},\"author\":{\"name\":\"Lopez\",\"@id\":\"https:\/\/ecolededesign.fr\/en\/#\/schema\/person\/ff7c9595ae29d56a067d01514153a77b\"},\"headline\":\"Graduate portrait: F\u00e9lix Rouquet\",\"datePublished\":\"2020-05-20T09:01:14+00:00\",\"dateModified\":\"2020-11-13T14:10:18+00:00\",\"mainEntityOfPage\":{\"@id\":\"https:\/\/ecolededesign.fr\/en\/portrait-de-diplome-felix-rouquet\/\"},\"wordCount\":207,\"publisher\":{\"@id\":\"https:\/\/ecolededesign.fr\/en\/#organization\"},\"image\":{\"@id\":\"https:\/\/ecolededesign.fr\/en\/portrait-de-diplome-felix-rouquet\/#primaryimage\"},\"thumbnailUrl\":\"https:\/\/ecolededesign.fr\/wp-content\/uploads\/2020\/05\/F\u00e9lix-Rouquet-e1589965090866.png\",\"articleSection\":[\"News\"],\"inLanguage\":\"en-US\"},{\"@type\":\"WebPage\",\"@id\":\"https:\/\/ecolededesign.fr\/en\/portrait-de-diplome-felix-rouquet\/\",\"url\":\"https:\/\/ecolededesign.fr\/en\/portrait-de-diplome-felix-rouquet\/\",\"name\":\"Graduate portrait: F\u00e9lix Rouquet - Ecole de design - Ecole Sup\u00e9rieure de Design de Troyes\",\"isPartOf\":{\"@id\":\"https:\/\/ecolededesign.fr\/en\/#website\"},\"primaryImageOfPage\":{\"@id\":\"https:\/\/ecolededesign.fr\/en\/portrait-de-diplome-felix-rouquet\/#primaryimage\"},\"image\":{\"@id\":\"https:\/\/ecolededesign.fr\/en\/portrait-de-diplome-felix-rouquet\/#primaryimage\"},\"thumbnailUrl\":\"https:\/\/ecolededesign.fr\/wp-content\/uploads\/2020\/05\/F\u00e9lix-Rouquet-e1589965090866.png\",\"datePublished\":\"2020-05-20T09:01:14+00:00\",\"dateModified\":\"2020-11-13T14:10:18+00:00\",\"description\":\"F\u00e9lix Rouquet est designer chef de produit. De son parcours scolaire et professionel \u00e0 ses missions actuelles, d\u00e9couvrez son portrait en vid\u00e9o.\",\"breadcrumb\":{\"@id\":\"https:\/\/ecolededesign.fr\/en\/portrait-de-diplome-felix-rouquet\/#breadcrumb\"},\"inLanguage\":\"en-US\",\"potentialAction\":[{\"@type\":\"ReadAction\",\"target\":[\"https:\/\/ecolededesign.fr\/en\/portrait-de-diplome-felix-rouquet\/\"]}]},{\"@type\":\"ImageObject\",\"inLanguage\":\"en-US\",\"@id\":\"https:\/\/ecolededesign.fr\/en\/portrait-de-diplome-felix-rouquet\/#primaryimage\",\"url\":\"https:\/\/ecolededesign.fr\/wp-content\/uploads\/2020\/05\/F\u00e9lix-Rouquet-e1589965090866.png\",\"contentUrl\":\"https:\/\/ecolededesign.fr\/wp-content\/uploads\/2020\/05\/F\u00e9lix-Rouquet-e1589965090866.png\",\"width\":1392,\"height\":1080},{\"@type\":\"BreadcrumbList\",\"@id\":\"https:\/\/ecolededesign.fr\/en\/portrait-de-diplome-felix-rouquet\/#breadcrumb\",\"itemListElement\":[{\"@type\":\"ListItem\",\"position\":1,\"name\":\"Home\",\"item\":\"https:\/\/ecolededesign.fr\/en\/\"},{\"@type\":\"ListItem\",\"position\":2,\"name\":\"Graduate portrait: F\u00e9lix Rouquet\"}]},{\"@type\":\"WebSite\",\"@id\":\"https:\/\/ecolededesign.fr\/en\/#website\",\"url\":\"https:\/\/ecolededesign.fr\/en\/\",\"name\":\"Ecole de design - Ecole Sup\u00e9rieure de Design de Troyes\",\"description\":\"Devenir designer\",\"publisher\":{\"@id\":\"https:\/\/ecolededesign.fr\/en\/#organization\"},\"potentialAction\":[{\"@type\":\"SearchAction\",\"target\":{\"@type\":\"EntryPoint\",\"urlTemplate\":\"https:\/\/ecolededesign.fr\/en\/?s={search_term_string}\"},\"query-input\":{\"@type\":\"PropertyValueSpecification\",\"valueRequired\":true,\"valueName\":\"search_term_string\"}}],\"inLanguage\":\"en-US\"},{\"@type\":\"Organization\",\"@id\":\"https:\/\/ecolededesign.fr\/en\/#organization\",\"name\":\"Ecole Sup\u00e9rieur de Design\",\"url\":\"https:\/\/ecolededesign.fr\/en\/\",\"logo\":{\"@type\":\"ImageObject\",\"inLanguage\":\"en-US\",\"@id\":\"https:\/\/ecolededesign.fr\/en\/#\/schema\/logo\/image\/\",\"url\":\"https:\/\/ecolededesign.fr\/wp-content\/uploads\/2019\/11\/logo-ecole-design-full@2x.png\",\"contentUrl\":\"https:\/\/ecolededesign.fr\/wp-content\/uploads\/2019\/11\/logo-ecole-design-full@2x.png\",\"width\":364,\"height\":208,\"caption\":\"Ecole Sup\u00e9rieur de Design\"},\"image\":{\"@id\":\"https:\/\/ecolededesign.fr\/en\/#\/schema\/logo\/image\/\"},\"sameAs\":[\"https:\/\/www.facebook.com\/ecolesuperieuredesigntroyes\/\"]},{\"@type\":\"Person\",\"@id\":\"https:\/\/ecolededesign.fr\/en\/#\/schema\/person\/ff7c9595ae29d56a067d01514153a77b\",\"name\":\"Lopez\",\"image\":{\"@type\":\"ImageObject\",\"inLanguage\":\"en-US\",\"@id\":\"https:\/\/ecolededesign.fr\/en\/#\/schema\/person\/image\/\",\"url\":\"https:\/\/secure.gravatar.com\/avatar\/7ee7c7dbe457d74153185433b791c255d96165f66cf3096392c0291708fd0f22?s=96&d=mm&r=g\",\"contentUrl\":\"https:\/\/secure.gravatar.com\/avatar\/7ee7c7dbe457d74153185433b791c255d96165f66cf3096392c0291708fd0f22?s=96&d=mm&r=g\",\"caption\":\"Lopez\"},\"sameAs\":[\"Celine\"]}]}<\/script>\n<!-- \/ Yoast SEO plugin. -->","yoast_head_json":{"title":"Graduate portrait: F\u00e9lix Rouquet - Ecole de design - Ecole Sup\u00e9rieure de Design de Troyes","description":"F\u00e9lix Rouquet est designer chef de produit. De son parcours scolaire et professionel \u00e0 ses missions actuelles, d\u00e9couvrez son portrait en vid\u00e9o.","robots":{"index":"index","follow":"follow","max-snippet":"max-snippet:-1","max-image-preview":"max-image-preview:large","max-video-preview":"max-video-preview:-1"},"canonical":"https:\/\/ecolededesign.fr\/en\/portrait-de-diplome-felix-rouquet\/","og_locale":"en_US","og_type":"article","og_title":"Graduate portrait: F\u00e9lix Rouquet - Ecole de design - Ecole Sup\u00e9rieure de Design de Troyes","og_description":"F\u00e9lix Rouquet est designer chef de produit. De son parcours scolaire et professionel \u00e0 ses missions actuelles, d\u00e9couvrez son portrait en vid\u00e9o.","og_url":"https:\/\/ecolededesign.fr\/en\/portrait-de-diplome-felix-rouquet\/","og_site_name":"Ecole de design - Ecole Sup\u00e9rieure de Design de Troyes","article_publisher":"https:\/\/www.facebook.com\/ecolesuperieuredesigntroyes\/","article_published_time":"2020-05-20T09:01:14+00:00","article_modified_time":"2020-11-13T14:10:18+00:00","og_image":[{"width":1392,"height":1080,"url":"https:\/\/ecolededesign.fr\/wp-content\/uploads\/2020\/05\/F\u00e9lix-Rouquet-e1589965090866.png","type":"image\/png"}],"author":"Lopez","twitter_card":"summary_large_image","twitter_misc":{"Written by":"Lopez","Est. reading time":"1 minute"},"schema":{"@context":"https:\/\/schema.org","@graph":[{"@type":"Article","@id":"https:\/\/ecolededesign.fr\/en\/portrait-de-diplome-felix-rouquet\/#article","isPartOf":{"@id":"https:\/\/ecolededesign.fr\/en\/portrait-de-diplome-felix-rouquet\/"},"author":{"name":"Lopez","@id":"https:\/\/ecolededesign.fr\/en\/#\/schema\/person\/ff7c9595ae29d56a067d01514153a77b"},"headline":"Graduate portrait: F\u00e9lix Rouquet","datePublished":"2020-05-20T09:01:14+00:00","dateModified":"2020-11-13T14:10:18+00:00","mainEntityOfPage":{"@id":"https:\/\/ecolededesign.fr\/en\/portrait-de-diplome-felix-rouquet\/"},"wordCount":207,"publisher":{"@id":"https:\/\/ecolededesign.fr\/en\/#organization"},"image":{"@id":"https:\/\/ecolededesign.fr\/en\/portrait-de-diplome-felix-rouquet\/#primaryimage"},"thumbnailUrl":"https:\/\/ecolededesign.fr\/wp-content\/uploads\/2020\/05\/F\u00e9lix-Rouquet-e1589965090866.png","articleSection":["News"],"inLanguage":"en-US"},{"@type":"WebPage","@id":"https:\/\/ecolededesign.fr\/en\/portrait-de-diplome-felix-rouquet\/","url":"https:\/\/ecolededesign.fr\/en\/portrait-de-diplome-felix-rouquet\/","name":"Graduate portrait: F\u00e9lix Rouquet - Ecole de design - Ecole Sup\u00e9rieure de Design de Troyes","isPartOf":{"@id":"https:\/\/ecolededesign.fr\/en\/#website"},"primaryImageOfPage":{"@id":"https:\/\/ecolededesign.fr\/en\/portrait-de-diplome-felix-rouquet\/#primaryimage"},"image":{"@id":"https:\/\/ecolededesign.fr\/en\/portrait-de-diplome-felix-rouquet\/#primaryimage"},"thumbnailUrl":"https:\/\/ecolededesign.fr\/wp-content\/uploads\/2020\/05\/F\u00e9lix-Rouquet-e1589965090866.png","datePublished":"2020-05-20T09:01:14+00:00","dateModified":"2020-11-13T14:10:18+00:00","description":"F\u00e9lix Rouquet est designer chef de produit. De son parcours scolaire et professionel \u00e0 ses missions actuelles, d\u00e9couvrez son portrait en vid\u00e9o.","breadcrumb":{"@id":"https:\/\/ecolededesign.fr\/en\/portrait-de-diplome-felix-rouquet\/#breadcrumb"},"inLanguage":"en-US","potentialAction":[{"@type":"ReadAction","target":["https:\/\/ecolededesign.fr\/en\/portrait-de-diplome-felix-rouquet\/"]}]},{"@type":"ImageObject","inLanguage":"en-US","@id":"https:\/\/ecolededesign.fr\/en\/portrait-de-diplome-felix-rouquet\/#primaryimage","url":"https:\/\/ecolededesign.fr\/wp-content\/uploads\/2020\/05\/F\u00e9lix-Rouquet-e1589965090866.png","contentUrl":"https:\/\/ecolededesign.fr\/wp-content\/uploads\/2020\/05\/F\u00e9lix-Rouquet-e1589965090866.png","width":1392,"height":1080},{"@type":"BreadcrumbList","@id":"https:\/\/ecolededesign.fr\/en\/portrait-de-diplome-felix-rouquet\/#breadcrumb","itemListElement":[{"@type":"ListItem","position":1,"name":"Home","item":"https:\/\/ecolededesign.fr\/en\/"},{"@type":"ListItem","position":2,"name":"Graduate portrait: F\u00e9lix Rouquet"}]},{"@type":"WebSite","@id":"https:\/\/ecolededesign.fr\/en\/#website","url":"https:\/\/ecolededesign.fr\/en\/","name":"Ecole de design - Ecole Sup\u00e9rieure de Design de Troyes","description":"Devenir designer","publisher":{"@id":"https:\/\/ecolededesign.fr\/en\/#organization"},"potentialAction":[{"@type":"SearchAction","target":{"@type":"EntryPoint","urlTemplate":"https:\/\/ecolededesign.fr\/en\/?s={search_term_string}"},"query-input":{"@type":"PropertyValueSpecification","valueRequired":true,"valueName":"search_term_string"}}],"inLanguage":"en-US"},{"@type":"Organization","@id":"https:\/\/ecolededesign.fr\/en\/#organization","name":"Ecole Sup\u00e9rieur de Design","url":"https:\/\/ecolededesign.fr\/en\/","logo":{"@type":"ImageObject","inLanguage":"en-US","@id":"https:\/\/ecolededesign.fr\/en\/#\/schema\/logo\/image\/","url":"https:\/\/ecolededesign.fr\/wp-content\/uploads\/2019\/11\/logo-ecole-design-full@2x.png","contentUrl":"https:\/\/ecolededesign.fr\/wp-content\/uploads\/2019\/11\/logo-ecole-design-full@2x.png","width":364,"height":208,"caption":"Ecole Sup\u00e9rieur de Design"},"image":{"@id":"https:\/\/ecolededesign.fr\/en\/#\/schema\/logo\/image\/"},"sameAs":["https:\/\/www.facebook.com\/ecolesuperieuredesigntroyes\/"]},{"@type":"Person","@id":"https:\/\/ecolededesign.fr\/en\/#\/schema\/person\/ff7c9595ae29d56a067d01514153a77b","name":"Lopez","image":{"@type":"ImageObject","inLanguage":"en-US","@id":"https:\/\/ecolededesign.fr\/en\/#\/schema\/person\/image\/","url":"https:\/\/secure.gravatar.com\/avatar\/7ee7c7dbe457d74153185433b791c255d96165f66cf3096392c0291708fd0f22?s=96&d=mm&r=g","contentUrl":"https:\/\/secure.gravatar.com\/avatar\/7ee7c7dbe457d74153185433b791c255d96165f66cf3096392c0291708fd0f22?s=96&d=mm&r=g","caption":"Lopez"},"sameAs":["Celine"]}]}},"_links":{"self":[{"href":"https:\/\/ecolededesign.fr\/en\/wp-json\/wp\/v2\/posts\/9301","targetHints":{"allow":["GET"]}}],"collection":[{"href":"https:\/\/ecolededesign.fr\/en\/wp-json\/wp\/v2\/posts"}],"about":[{"href":"https:\/\/ecolededesign.fr\/en\/wp-json\/wp\/v2\/types\/post"}],"author":[{"embeddable":true,"href":"https:\/\/ecolededesign.fr\/en\/wp-json\/wp\/v2\/users\/3"}],"replies":[{"embeddable":true,"href":"https:\/\/ecolededesign.fr\/en\/wp-json\/wp\/v2\/comments?post=9301"}],"version-history":[{"count":2,"href":"https:\/\/ecolededesign.fr\/en\/wp-json\/wp\/v2\/posts\/9301\/revisions"}],"predecessor-version":[{"id":9393,"href":"https:\/\/ecolededesign.fr\/en\/wp-json\/wp\/v2\/posts\/9301\/revisions\/9393"}],"wp:featuredmedia":[{"embeddable":true,"href":"https:\/\/ecolededesign.fr\/en\/wp-json\/wp\/v2\/media\/9302"}],"wp:attachment":[{"href":"https:\/\/ecolededesign.fr\/en\/wp-json\/wp\/v2\/media?parent=9301"}],"wp:term":[{"taxonomy":"category","embeddable":true,"href":"https:\/\/ecolededesign.fr\/en\/wp-json\/wp\/v2\/categories?post=9301"},{"taxonomy":"post_tag","embeddable":true,"href":"https:\/\/ecolededesign.fr\/en\/wp-json\/wp\/v2\/tags?post=9301"}],"curies":[{"name":"wp","href":"https:\/\/api.w.org\/{rel}","templated":true}]}}