{"id":9274,"date":"2020-07-16T12:06:30","date_gmt":"2020-07-16T10:06:30","guid":{"rendered":"https:\/\/ecolededesign.fr\/la-baignoire-de-demain-projet-de-diplome-darthur-et-louis-pour-allibert-primee-aux-trophees-de-lafisb\/"},"modified":"2020-11-13T10:41:29","modified_gmt":"2020-11-13T09:41:29","slug":"the-bath-of-tomorrow-arthur-and-louiss-degree-project-for-allibert-an-afisb-award-winner","status":"publish","type":"post","link":"https:\/\/ecolededesign.fr\/en\/the-bath-of-tomorrow-arthur-and-louiss-degree-project-for-allibert-an-afisb-award-winner\/","title":{"rendered":"The bath of tomorrow \u2013 Arthur and Louis\u2019s degree project for Allibert \u2013 an AFISB award winner"},"content":{"rendered":"\n<div class=\"wp-block-image\"><figure class=\"aligncenter size-large is-resized\"><img decoding=\"async\" loading=\"lazy\" src=\"https:\/\/ecolededesign.fr\/wp-content\/uploads\/2020\/07\/moovance_-1024x1024.jpg\" alt=\"\" class=\"wp-image-8684\" width=\"288\" height=\"288\" srcset=\"https:\/\/ecolededesign.fr\/wp-content\/uploads\/2020\/07\/moovance_-1024x1024.jpg 1024w, https:\/\/ecolededesign.fr\/wp-content\/uploads\/2020\/07\/moovance_-300x300.jpg 300w, https:\/\/ecolededesign.fr\/wp-content\/uploads\/2020\/07\/moovance_-150x150.jpg 150w, https:\/\/ecolededesign.fr\/wp-content\/uploads\/2020\/07\/moovance_-768x768.jpg 768w, https:\/\/ecolededesign.fr\/wp-content\/uploads\/2020\/07\/moovance_-240x240.jpg 240w, https:\/\/ecolededesign.fr\/wp-content\/uploads\/2020\/07\/moovance_.jpg 1080w\" sizes=\"auto, (max-width: 288px) 100vw, 288px\" \/><\/figure><\/div>\n\n\n\n<p>As part of the fifth-year degree project, students undertake a&nbsp;strategic project for a&nbsp;company. In&nbsp;2019, Louis Mimpontel, a&nbsp;fifth-year design student, collaborated with Arthur Caminade, an engineering student at <a href=\"https:\/\/www.estp.fr\/\" target=\"_blank\" rel=\"noreferrer noopener\">ESTP<\/a>&nbsp;in the engineer-designer stream. Together, they designed the bath of tomorrow suited to everyone\u2019s needs for&nbsp;<a href=\"http:\/\/www.allibert.fr\/\" target=\"_blank\" rel=\"noreferrer noopener\">Allibert<\/a>, a&nbsp;company specialising in bathroom design. The bath \u2013 with its blend of design and innovation \u2013 is now being sold by the brand. This innovative concept designed by the pair of students (now graduates) has just won an award from the <a href=\"https:\/\/www.salledebains.fr\/\" target=\"_blank\" rel=\"noreferrer noopener\">Association Fran\u00e7aise des Industries de la Salle de Bains<\/a>.&nbsp;They tell us more about the project.<\/p>\n\n\n\n<h2 class=\"wp-block-heading\"><strong>What motivated your choice for this degree project over another?<\/strong><\/h2>\n\n\n\n<p><strong>Louis<\/strong>:&nbsp;<em>I&nbsp;wanted to choose a&nbsp;company that met two main criteria: a&nbsp;project in furniture design or relating to the home, and a&nbsp;company capable of making my project a&nbsp;reality. In addition to these two criteria, the energy given off by the <\/em><a href=\"http:\/\/www.allibert.fr\/\" target=\"_blank\" rel=\"noreferrer noopener\"><em>Allibert<\/em><\/a> representatives<em> during the call for proposals convinced me once and for all.<\/em><br><strong>Arthur<\/strong>:&nbsp;<em>Personally, my priority was to be part of a&nbsp;project with an emphasis on industrial design. From the shortlist of companies that met this criterion, I&nbsp;soon homed in on Allibert, which not only gave me the option of working on quite an emblematic object but also allowed me to work side by side with a&nbsp;design student from the \u00c9cole Sup\u00e9rieure de Design.<\/em><\/p>\n\n\n\n<h2 class=\"wp-block-heading\"><strong>Were you obliged to work on this project with a&nbsp;partner, or did you choose to?<\/strong><\/h2>\n\n\n\n<p><strong>Arthur &amp; Louis<\/strong>:&nbsp;<em>A little of both. Early in the piece, we were advised to work in pairs on this project. We wanted to work together, as we sensed it was an opportunity for collaborative learning which would prove useful in our future professional lives.<\/em><\/p>\n\n\n\n<h2 class=\"wp-block-heading\"><strong>Was the topic determined by the company at the outset, or did you arrive at it yourselves?<\/strong><\/h2>\n\n\n\n<p><strong>Arthur &amp; Louis<\/strong>:&nbsp;<em>It was initially put forward by the company, and we later made it our own, taking it further and incorporating our designer\u2019s eye.<\/em>&nbsp;<em>We decided to become familiar with the thermoforming manufacturing process and accept its restrictions (i.e. size, shapes, materials, installation and storage), so instead of being obstacles, they would become a&nbsp;key aspect of our approach. At the centre of this process is a&nbsp;fundamental component \u2013 the mould \u2013 which would be our starting point in developing a&nbsp;coherent range.<\/em><\/p>\n\n\n\n<p><em>We then started from two assumptions: we wash differently depending on how old we are, and the size of our bathrooms changes, with baths becoming cumbersome. Our aim was to come up with a&nbsp;simple object that might not only facilitate washing for everyone, from children to the elderly, but also support day-to-day cleaning and personal hygiene operations.<\/em><\/p>\n\n\n\n<h2 class=\"wp-block-heading\"><strong>What were the project\u2019s main stages?<\/strong><\/h2>\n\n\n\n<p><strong>From launch to oral presentation<\/strong><\/p>\n\n\n\n<p><strong>Arthur &amp; Louis<\/strong>:&nbsp;<em>The project unfolded as planned. In the beginning, we wanted to forge ahead so the project would be as close as possible to our idea. Although both fun-loving by nature, we worked hard over the seven months, which made it possible to meet the imposed deadlines while maintaining a&nbsp;relaxed atmosphere.<br>First of all, we had a&nbsp;meeting at Allibert to define the project, as well as to understand their processes and how the company is run, which is crucial for the role of designer\/engineer.<br>Then, we began to explore, producing rough sketches and looking for an innovative idea. We deliberately cast the net wide in the beginning so we wouldn\u2019t overlook any avenues, then funnelled those avenues into a&nbsp;single idea. We then developed this idea before presenting it to the company.<br>Once our idea was approved, we began producing more detailed sketches, 3D plans and mock-ups. Initially, these were on a&nbsp;1:10 scale, and later we made a&nbsp;full-scale mock-up from melamine board.<br>Finally, our concept was presented to the degree project examination board, comprising company decision-makers, our tutor and members of the school\u2019s teaching staff.<\/em><\/p>\n\n\n\n<p><strong>Relations with the company<\/strong><\/p>\n\n\n\n<p><strong>Arthur &amp; Louis:<\/strong>&nbsp;<em>Relations with the company were great from start to finish. We were in constant contact with company employees, whether that was with decision-makers, Jean-Charles and St\u00e9phane, Allibert\u2019s project manager, Augustin, or with the communication department, specifically<br>Pierre and Charline, who even came all the way to Grenoble to discuss the project.<br>Not to mention the constant presence and unwavering support of our tutor, designer <\/em><a href=\"http:\/\/louvryangioni.com\/\" target=\"_blank\" rel=\"noreferrer noopener\"><em>Thomas Angioni<\/em><\/a>.<em><br>We were thus well-supported and all on the same wavelength, which helped us immensely. We would like to thank them again here, as we know they all played an important role the project\u2019s success.<\/em><\/p>\n\n\n\n<h2 class=\"wp-block-heading\"><strong>What was the greatest challenge in this project?<\/strong><\/h2>\n\n\n\n<p><strong>Arthur &amp; Louis<\/strong>:&nbsp;<em>There were several:<\/em><\/p>\n\n\n\n<p><em>Thermoforming of the baths, which limited our options as we had to comply with certain dimensions, angles and degrees of inclination.<\/em><\/p>\n\n\n\n<p><em>The coordination required to produce a&nbsp;single aesthetic line for four different technical functions.<\/em><\/p>\n\n\n\n<p><em>And creating the full-scale mock-up, which, despite some kind help from Louise, a&nbsp;third-year student, required few all-nighters<\/em>!<\/p>\n\n\n\n<h2 class=\"wp-block-heading\"><strong>What does a&nbsp;designer\/engineer partnership offer in managing a&nbsp;project of this type?<\/strong><\/h2>\n\n\n\n<p><strong>Arthur &amp; Louis<\/strong>:&nbsp;<em>We think it\u2019s the perfect fusion of two worlds \u2013 that of the dreamer and the Cartesian, the beautiful and the functional, right brain and left brain, Yin and Yang \u2013 which leads to a&nbsp;single, novel yet realistic idea.<\/em><\/p>\n\n\n\n<h2 class=\"wp-block-heading\"><strong>What was your reaction when the company announced it was going to sell the bath you designed?<\/strong><\/h2>\n\n\n\n<p><strong>Arthur &amp; Louis<\/strong>:&nbsp;<em>We were convinced our project had real strength, and as our primary goal was to realise this bath, we greeted the news about the company wanting to sell our creation with pride.<br>Also, seeing our names in national interior design magazines alongside prestigious names like Patricia Urquiola&#8230; what more could we ask?!<\/em><\/p>\n\n\n\n<h2 class=\"wp-block-heading\"><strong>Bathroom industry experts have just awarded a&nbsp;prize for this project \u2013 how do you feel about that?<\/strong><\/h2>\n\n\n\n<p><strong>Arthur &amp; Louis<\/strong>:&nbsp;<em>It\u2019s like the icing on the cake, recognising our hard work. Now, we hope for a&nbsp;national and why not international<br>commercial success for our creation!<\/em><\/p>\n\n\n\n<figure class=\"wp-block-gallery columns-3 is-cropped wp-block-gallery-1 is-layout-flex wp-block-gallery-is-layout-flex\"><ul class=\"blocks-gallery-grid\"><li class=\"blocks-gallery-item\"><figure><img decoding=\"async\" width=\"1024\" height=\"1024\" loading=\"lazy\" src=\"https:\/\/ecolededesign.fr\/wp-content\/uploads\/2020\/07\/moovance5-1024x1024.png\" alt=\"\" data-id=\"8676\" data-full-url=\"https:\/\/ecolededesign.fr\/wp-content\/uploads\/2020\/07\/moovance5.png\" data-link=\"https:\/\/ecolededesign.fr\/?attachment_id=8676\" class=\"wp-image-8676\" srcset=\"https:\/\/ecolededesign.fr\/wp-content\/uploads\/2020\/07\/moovance5-1024x1024.png 1024w, https:\/\/ecolededesign.fr\/wp-content\/uploads\/2020\/07\/moovance5-300x300.png 300w, https:\/\/ecolededesign.fr\/wp-content\/uploads\/2020\/07\/moovance5-150x150.png 150w, https:\/\/ecolededesign.fr\/wp-content\/uploads\/2020\/07\/moovance5-768x768.png 768w, https:\/\/ecolededesign.fr\/wp-content\/uploads\/2020\/07\/moovance5-240x240.png 240w, https:\/\/ecolededesign.fr\/wp-content\/uploads\/2020\/07\/moovance5.png 1080w\" sizes=\"auto, (max-width: 1024px) 100vw, 1024px\" \/><\/figure><\/li><li class=\"blocks-gallery-item\"><figure><img decoding=\"async\" width=\"1024\" height=\"1024\" loading=\"lazy\" src=\"https:\/\/ecolededesign.fr\/wp-content\/uploads\/2020\/07\/moovance4-1024x1024.jpg\" alt=\"\" data-id=\"8675\" data-full-url=\"https:\/\/ecolededesign.fr\/wp-content\/uploads\/2020\/07\/moovance4.jpg\" data-link=\"https:\/\/ecolededesign.fr\/?attachment_id=8675\" class=\"wp-image-8675\" srcset=\"https:\/\/ecolededesign.fr\/wp-content\/uploads\/2020\/07\/moovance4-1024x1024.jpg 1024w, https:\/\/ecolededesign.fr\/wp-content\/uploads\/2020\/07\/moovance4-300x300.jpg 300w, https:\/\/ecolededesign.fr\/wp-content\/uploads\/2020\/07\/moovance4-150x150.jpg 150w, https:\/\/ecolededesign.fr\/wp-content\/uploads\/2020\/07\/moovance4-768x768.jpg 768w, https:\/\/ecolededesign.fr\/wp-content\/uploads\/2020\/07\/moovance4-240x240.jpg 240w, https:\/\/ecolededesign.fr\/wp-content\/uploads\/2020\/07\/moovance4.jpg 1080w\" sizes=\"auto, (max-width: 1024px) 100vw, 1024px\" \/><\/figure><\/li><li class=\"blocks-gallery-item\"><figure><img decoding=\"async\" width=\"1024\" height=\"1024\" loading=\"lazy\" src=\"https:\/\/ecolededesign.fr\/wp-content\/uploads\/2020\/07\/moovance2-1024x1024.jpg\" alt=\"\" data-id=\"8674\" data-full-url=\"https:\/\/ecolededesign.fr\/wp-content\/uploads\/2020\/07\/moovance2.jpg\" data-link=\"https:\/\/ecolededesign.fr\/?attachment_id=8674\" class=\"wp-image-8674\" srcset=\"https:\/\/ecolededesign.fr\/wp-content\/uploads\/2020\/07\/moovance2-1024x1024.jpg 1024w, https:\/\/ecolededesign.fr\/wp-content\/uploads\/2020\/07\/moovance2-300x300.jpg 300w, https:\/\/ecolededesign.fr\/wp-content\/uploads\/2020\/07\/moovance2-150x150.jpg 150w, https:\/\/ecolededesign.fr\/wp-content\/uploads\/2020\/07\/moovance2-768x768.jpg 768w, https:\/\/ecolededesign.fr\/wp-content\/uploads\/2020\/07\/moovance2-240x240.jpg 240w, https:\/\/ecolededesign.fr\/wp-content\/uploads\/2020\/07\/moovance2.jpg 1080w\" sizes=\"auto, (max-width: 1024px) 100vw, 1024px\" \/><\/figure><\/li><li class=\"blocks-gallery-item\"><figure><img decoding=\"async\" width=\"1024\" height=\"1024\" loading=\"lazy\" src=\"https:\/\/ecolededesign.fr\/wp-content\/uploads\/2020\/07\/moovance6-1024x1024.jpg\" alt=\"\" data-id=\"8677\" data-full-url=\"https:\/\/ecolededesign.fr\/wp-content\/uploads\/2020\/07\/moovance6.jpg\" data-link=\"https:\/\/ecolededesign.fr\/?attachment_id=8677\" class=\"wp-image-8677\" srcset=\"https:\/\/ecolededesign.fr\/wp-content\/uploads\/2020\/07\/moovance6-1024x1024.jpg 1024w, https:\/\/ecolededesign.fr\/wp-content\/uploads\/2020\/07\/moovance6-300x300.jpg 300w, https:\/\/ecolededesign.fr\/wp-content\/uploads\/2020\/07\/moovance6-150x150.jpg 150w, https:\/\/ecolededesign.fr\/wp-content\/uploads\/2020\/07\/moovance6-768x768.jpg 768w, https:\/\/ecolededesign.fr\/wp-content\/uploads\/2020\/07\/moovance6-240x240.jpg 240w, https:\/\/ecolededesign.fr\/wp-content\/uploads\/2020\/07\/moovance6.jpg 1080w\" sizes=\"auto, (max-width: 1024px) 100vw, 1024px\" \/><\/figure><\/li><li class=\"blocks-gallery-item\"><figure><img decoding=\"async\" width=\"1024\" height=\"1024\" loading=\"lazy\" src=\"https:\/\/ecolededesign.fr\/wp-content\/uploads\/2020\/07\/moovance8-1024x1024.jpg\" alt=\"\" data-id=\"8679\" data-full-url=\"https:\/\/ecolededesign.fr\/wp-content\/uploads\/2020\/07\/moovance8.jpg\" data-link=\"https:\/\/ecolededesign.fr\/?attachment_id=8679\" class=\"wp-image-8679\" srcset=\"https:\/\/ecolededesign.fr\/wp-content\/uploads\/2020\/07\/moovance8-1024x1024.jpg 1024w, https:\/\/ecolededesign.fr\/wp-content\/uploads\/2020\/07\/moovance8-300x300.jpg 300w, https:\/\/ecolededesign.fr\/wp-content\/uploads\/2020\/07\/moovance8-150x150.jpg 150w, https:\/\/ecolededesign.fr\/wp-content\/uploads\/2020\/07\/moovance8-768x768.jpg 768w, https:\/\/ecolededesign.fr\/wp-content\/uploads\/2020\/07\/moovance8-240x240.jpg 240w, https:\/\/ecolededesign.fr\/wp-content\/uploads\/2020\/07\/moovance8.jpg 1080w\" sizes=\"auto, (max-width: 1024px) 100vw, 1024px\" \/><\/figure><\/li><li class=\"blocks-gallery-item\"><figure><img decoding=\"async\" width=\"1024\" height=\"1024\" loading=\"lazy\" src=\"https:\/\/ecolededesign.fr\/wp-content\/uploads\/2020\/07\/moovance7-1024x1024.jpg\" alt=\"\" data-id=\"8678\" data-full-url=\"https:\/\/ecolededesign.fr\/wp-content\/uploads\/2020\/07\/moovance7.jpg\" data-link=\"https:\/\/ecolededesign.fr\/?attachment_id=8678\" class=\"wp-image-8678\" srcset=\"https:\/\/ecolededesign.fr\/wp-content\/uploads\/2020\/07\/moovance7-1024x1024.jpg 1024w, https:\/\/ecolededesign.fr\/wp-content\/uploads\/2020\/07\/moovance7-300x300.jpg 300w, https:\/\/ecolededesign.fr\/wp-content\/uploads\/2020\/07\/moovance7-150x150.jpg 150w, https:\/\/ecolededesign.fr\/wp-content\/uploads\/2020\/07\/moovance7-768x768.jpg 768w, https:\/\/ecolededesign.fr\/wp-content\/uploads\/2020\/07\/moovance7-240x240.jpg 240w, https:\/\/ecolededesign.fr\/wp-content\/uploads\/2020\/07\/moovance7.jpg 1080w\" sizes=\"auto, (max-width: 1024px) 100vw, 1024px\" \/><\/figure><\/li><\/ul><figcaption class=\"blocks-gallery-caption\">Des maquettes \u00e0 la commercialisation du produit <br>Cr\u00e9dits photos  @allibert<\/figcaption><\/figure>\n","protected":false},"excerpt":{"rendered":"<p>As part of the fifth-year degree project, students undertake a&nbsp;strategic project for a&nbsp;company. In&nbsp;2019, Louis Mimpontel, a&nbsp;fifth-year design student, collaborated with Arthur Caminade, an engineering student at ESTP&nbsp;in the engineer-designer stream. Together, they designed the bath of tomorrow suited to everyone\u2019s needs for&nbsp;Allibert, a&nbsp;company specialising in bathroom design. The bath \u2013 with its blend of [&hellip;]<\/p>\n","protected":false},"author":3,"featured_media":9275,"comment_status":"closed","ping_status":"closed","sticky":false,"template":"","format":"standard","meta":{"_acf_changed":false,"_editorskit_title_hidden":false,"_editorskit_reading_time":0,"_editorskit_is_block_options_detached":false,"_editorskit_block_options_position":"{}","footnotes":""},"categories":[18],"tags":[],"class_list":["post-9274","post","type-post","status-publish","format-standard","has-post-thumbnail","hentry","category-actualites-en"],"acf":[],"yoast_head":"<!-- This site is optimized with the Yoast SEO plugin v26.4 - https:\/\/yoast.com\/wordpress\/plugins\/seo\/ -->\n<title>Le projet de dipl\u00f4me avec Allibert prim\u00e9 par les experts du secteur<\/title>\n<meta name=\"description\" content=\"Zoom sur Moovance, le projet de dipl\u00f4me autour de la baignoire de demain imagin\u00e9e par Louis Mimpontel et Arthur Caminade, dipl\u00f4m\u00e9s de l&#039;\u00e9cole.\" \/>\n<meta name=\"robots\" content=\"index, follow, max-snippet:-1, max-image-preview:large, max-video-preview:-1\" \/>\n<link rel=\"canonical\" href=\"https:\/\/ecolededesign.fr\/en\/the-bath-of-tomorrow-arthur-and-louiss-degree-project-for-allibert-an-afisb-award-winner\/\" \/>\n<meta property=\"og:locale\" content=\"en_US\" \/>\n<meta property=\"og:type\" content=\"article\" \/>\n<meta property=\"og:title\" content=\"Le projet de dipl\u00f4me avec Allibert prim\u00e9 par les experts du secteur\" \/>\n<meta property=\"og:description\" content=\"Zoom sur Moovance, le projet de dipl\u00f4me autour de la baignoire de demain imagin\u00e9e par Louis Mimpontel et Arthur Caminade, dipl\u00f4m\u00e9s de l&#039;\u00e9cole.\" \/>\n<meta property=\"og:url\" content=\"https:\/\/ecolededesign.fr\/en\/the-bath-of-tomorrow-arthur-and-louiss-degree-project-for-allibert-an-afisb-award-winner\/\" \/>\n<meta property=\"og:site_name\" content=\"Ecole de design - Ecole Sup\u00e9rieure de Design de Troyes\" \/>\n<meta property=\"article:publisher\" content=\"https:\/\/www.facebook.com\/ecolesuperieuredesigntroyes\/\" \/>\n<meta property=\"article:published_time\" content=\"2020-07-16T10:06:30+00:00\" \/>\n<meta property=\"article:modified_time\" content=\"2020-11-13T09:41:29+00:00\" \/>\n<meta property=\"og:image\" content=\"https:\/\/ecolededesign.fr\/wp-content\/uploads\/2020\/07\/moovance.jpg\" \/>\n\t<meta property=\"og:image:width\" content=\"1080\" \/>\n\t<meta property=\"og:image:height\" content=\"1080\" \/>\n\t<meta property=\"og:image:type\" content=\"image\/jpeg\" \/>\n<meta name=\"author\" content=\"Lopez\" \/>\n<meta name=\"twitter:card\" content=\"summary_large_image\" \/>\n<meta name=\"twitter:label1\" content=\"Written by\" \/>\n\t<meta name=\"twitter:data1\" content=\"Lopez\" \/>\n\t<meta name=\"twitter:label2\" content=\"Est. reading time\" \/>\n\t<meta name=\"twitter:data2\" content=\"5 minutes\" \/>\n<script type=\"application\/ld+json\" class=\"yoast-schema-graph\">{\"@context\":\"https:\/\/schema.org\",\"@graph\":[{\"@type\":\"Article\",\"@id\":\"https:\/\/ecolededesign.fr\/en\/the-bath-of-tomorrow-arthur-and-louiss-degree-project-for-allibert-an-afisb-award-winner\/#article\",\"isPartOf\":{\"@id\":\"https:\/\/ecolededesign.fr\/en\/the-bath-of-tomorrow-arthur-and-louiss-degree-project-for-allibert-an-afisb-award-winner\/\"},\"author\":{\"name\":\"Lopez\",\"@id\":\"https:\/\/ecolededesign.fr\/en\/#\/schema\/person\/ff7c9595ae29d56a067d01514153a77b\"},\"headline\":\"The bath of tomorrow \u2013 Arthur and Louis\u2019s degree project for Allibert \u2013 an AFISB award winner\",\"datePublished\":\"2020-07-16T10:06:30+00:00\",\"dateModified\":\"2020-11-13T09:41:29+00:00\",\"mainEntityOfPage\":{\"@id\":\"https:\/\/ecolededesign.fr\/en\/the-bath-of-tomorrow-arthur-and-louiss-degree-project-for-allibert-an-afisb-award-winner\/\"},\"wordCount\":1086,\"publisher\":{\"@id\":\"https:\/\/ecolededesign.fr\/en\/#organization\"},\"image\":{\"@id\":\"https:\/\/ecolededesign.fr\/en\/the-bath-of-tomorrow-arthur-and-louiss-degree-project-for-allibert-an-afisb-award-winner\/#primaryimage\"},\"thumbnailUrl\":\"https:\/\/ecolededesign.fr\/wp-content\/uploads\/2020\/07\/moovance.jpg\",\"articleSection\":[\"News\"],\"inLanguage\":\"en-US\"},{\"@type\":\"WebPage\",\"@id\":\"https:\/\/ecolededesign.fr\/en\/the-bath-of-tomorrow-arthur-and-louiss-degree-project-for-allibert-an-afisb-award-winner\/\",\"url\":\"https:\/\/ecolededesign.fr\/en\/the-bath-of-tomorrow-arthur-and-louiss-degree-project-for-allibert-an-afisb-award-winner\/\",\"name\":\"Le projet de dipl\u00f4me avec Allibert prim\u00e9 par les experts du secteur\",\"isPartOf\":{\"@id\":\"https:\/\/ecolededesign.fr\/en\/#website\"},\"primaryImageOfPage\":{\"@id\":\"https:\/\/ecolededesign.fr\/en\/the-bath-of-tomorrow-arthur-and-louiss-degree-project-for-allibert-an-afisb-award-winner\/#primaryimage\"},\"image\":{\"@id\":\"https:\/\/ecolededesign.fr\/en\/the-bath-of-tomorrow-arthur-and-louiss-degree-project-for-allibert-an-afisb-award-winner\/#primaryimage\"},\"thumbnailUrl\":\"https:\/\/ecolededesign.fr\/wp-content\/uploads\/2020\/07\/moovance.jpg\",\"datePublished\":\"2020-07-16T10:06:30+00:00\",\"dateModified\":\"2020-11-13T09:41:29+00:00\",\"description\":\"Zoom sur Moovance, le projet de dipl\u00f4me autour de la baignoire de demain imagin\u00e9e par Louis Mimpontel et Arthur Caminade, dipl\u00f4m\u00e9s de l'\u00e9cole.\",\"breadcrumb\":{\"@id\":\"https:\/\/ecolededesign.fr\/en\/the-bath-of-tomorrow-arthur-and-louiss-degree-project-for-allibert-an-afisb-award-winner\/#breadcrumb\"},\"inLanguage\":\"en-US\",\"potentialAction\":[{\"@type\":\"ReadAction\",\"target\":[\"https:\/\/ecolededesign.fr\/en\/the-bath-of-tomorrow-arthur-and-louiss-degree-project-for-allibert-an-afisb-award-winner\/\"]}]},{\"@type\":\"ImageObject\",\"inLanguage\":\"en-US\",\"@id\":\"https:\/\/ecolededesign.fr\/en\/the-bath-of-tomorrow-arthur-and-louiss-degree-project-for-allibert-an-afisb-award-winner\/#primaryimage\",\"url\":\"https:\/\/ecolededesign.fr\/wp-content\/uploads\/2020\/07\/moovance.jpg\",\"contentUrl\":\"https:\/\/ecolededesign.fr\/wp-content\/uploads\/2020\/07\/moovance.jpg\",\"width\":1080,\"height\":1080},{\"@type\":\"BreadcrumbList\",\"@id\":\"https:\/\/ecolededesign.fr\/en\/the-bath-of-tomorrow-arthur-and-louiss-degree-project-for-allibert-an-afisb-award-winner\/#breadcrumb\",\"itemListElement\":[{\"@type\":\"ListItem\",\"position\":1,\"name\":\"Home\",\"item\":\"https:\/\/ecolededesign.fr\/en\/\"},{\"@type\":\"ListItem\",\"position\":2,\"name\":\"The bath of tomorrow \u2013 Arthur and Louis\u2019s degree project for Allibert \u2013 an AFISB award winner\"}]},{\"@type\":\"WebSite\",\"@id\":\"https:\/\/ecolededesign.fr\/en\/#website\",\"url\":\"https:\/\/ecolededesign.fr\/en\/\",\"name\":\"Ecole de design - Ecole Sup\u00e9rieure de Design de Troyes\",\"description\":\"Devenir designer\",\"publisher\":{\"@id\":\"https:\/\/ecolededesign.fr\/en\/#organization\"},\"potentialAction\":[{\"@type\":\"SearchAction\",\"target\":{\"@type\":\"EntryPoint\",\"urlTemplate\":\"https:\/\/ecolededesign.fr\/en\/?s={search_term_string}\"},\"query-input\":{\"@type\":\"PropertyValueSpecification\",\"valueRequired\":true,\"valueName\":\"search_term_string\"}}],\"inLanguage\":\"en-US\"},{\"@type\":\"Organization\",\"@id\":\"https:\/\/ecolededesign.fr\/en\/#organization\",\"name\":\"Ecole Sup\u00e9rieur de Design\",\"url\":\"https:\/\/ecolededesign.fr\/en\/\",\"logo\":{\"@type\":\"ImageObject\",\"inLanguage\":\"en-US\",\"@id\":\"https:\/\/ecolededesign.fr\/en\/#\/schema\/logo\/image\/\",\"url\":\"https:\/\/ecolededesign.fr\/wp-content\/uploads\/2019\/11\/logo-ecole-design-full@2x.png\",\"contentUrl\":\"https:\/\/ecolededesign.fr\/wp-content\/uploads\/2019\/11\/logo-ecole-design-full@2x.png\",\"width\":364,\"height\":208,\"caption\":\"Ecole Sup\u00e9rieur de Design\"},\"image\":{\"@id\":\"https:\/\/ecolededesign.fr\/en\/#\/schema\/logo\/image\/\"},\"sameAs\":[\"https:\/\/www.facebook.com\/ecolesuperieuredesigntroyes\/\"]},{\"@type\":\"Person\",\"@id\":\"https:\/\/ecolededesign.fr\/en\/#\/schema\/person\/ff7c9595ae29d56a067d01514153a77b\",\"name\":\"Lopez\",\"image\":{\"@type\":\"ImageObject\",\"inLanguage\":\"en-US\",\"@id\":\"https:\/\/ecolededesign.fr\/en\/#\/schema\/person\/image\/\",\"url\":\"https:\/\/secure.gravatar.com\/avatar\/7ee7c7dbe457d74153185433b791c255d96165f66cf3096392c0291708fd0f22?s=96&d=mm&r=g\",\"contentUrl\":\"https:\/\/secure.gravatar.com\/avatar\/7ee7c7dbe457d74153185433b791c255d96165f66cf3096392c0291708fd0f22?s=96&d=mm&r=g\",\"caption\":\"Lopez\"},\"sameAs\":[\"Celine\"]}]}<\/script>\n<!-- \/ Yoast SEO plugin. -->","yoast_head_json":{"title":"Le projet de dipl\u00f4me avec Allibert prim\u00e9 par les experts du secteur","description":"Zoom sur Moovance, le projet de dipl\u00f4me autour de la baignoire de demain imagin\u00e9e par Louis Mimpontel et Arthur Caminade, dipl\u00f4m\u00e9s de l'\u00e9cole.","robots":{"index":"index","follow":"follow","max-snippet":"max-snippet:-1","max-image-preview":"max-image-preview:large","max-video-preview":"max-video-preview:-1"},"canonical":"https:\/\/ecolededesign.fr\/en\/the-bath-of-tomorrow-arthur-and-louiss-degree-project-for-allibert-an-afisb-award-winner\/","og_locale":"en_US","og_type":"article","og_title":"Le projet de dipl\u00f4me avec Allibert prim\u00e9 par les experts du secteur","og_description":"Zoom sur Moovance, le projet de dipl\u00f4me autour de la baignoire de demain imagin\u00e9e par Louis Mimpontel et Arthur Caminade, dipl\u00f4m\u00e9s de l'\u00e9cole.","og_url":"https:\/\/ecolededesign.fr\/en\/the-bath-of-tomorrow-arthur-and-louiss-degree-project-for-allibert-an-afisb-award-winner\/","og_site_name":"Ecole de design - Ecole Sup\u00e9rieure de Design de Troyes","article_publisher":"https:\/\/www.facebook.com\/ecolesuperieuredesigntroyes\/","article_published_time":"2020-07-16T10:06:30+00:00","article_modified_time":"2020-11-13T09:41:29+00:00","og_image":[{"width":1080,"height":1080,"url":"https:\/\/ecolededesign.fr\/wp-content\/uploads\/2020\/07\/moovance.jpg","type":"image\/jpeg"}],"author":"Lopez","twitter_card":"summary_large_image","twitter_misc":{"Written by":"Lopez","Est. reading time":"5 minutes"},"schema":{"@context":"https:\/\/schema.org","@graph":[{"@type":"Article","@id":"https:\/\/ecolededesign.fr\/en\/the-bath-of-tomorrow-arthur-and-louiss-degree-project-for-allibert-an-afisb-award-winner\/#article","isPartOf":{"@id":"https:\/\/ecolededesign.fr\/en\/the-bath-of-tomorrow-arthur-and-louiss-degree-project-for-allibert-an-afisb-award-winner\/"},"author":{"name":"Lopez","@id":"https:\/\/ecolededesign.fr\/en\/#\/schema\/person\/ff7c9595ae29d56a067d01514153a77b"},"headline":"The bath of tomorrow \u2013 Arthur and Louis\u2019s degree project for Allibert \u2013 an AFISB award winner","datePublished":"2020-07-16T10:06:30+00:00","dateModified":"2020-11-13T09:41:29+00:00","mainEntityOfPage":{"@id":"https:\/\/ecolededesign.fr\/en\/the-bath-of-tomorrow-arthur-and-louiss-degree-project-for-allibert-an-afisb-award-winner\/"},"wordCount":1086,"publisher":{"@id":"https:\/\/ecolededesign.fr\/en\/#organization"},"image":{"@id":"https:\/\/ecolededesign.fr\/en\/the-bath-of-tomorrow-arthur-and-louiss-degree-project-for-allibert-an-afisb-award-winner\/#primaryimage"},"thumbnailUrl":"https:\/\/ecolededesign.fr\/wp-content\/uploads\/2020\/07\/moovance.jpg","articleSection":["News"],"inLanguage":"en-US"},{"@type":"WebPage","@id":"https:\/\/ecolededesign.fr\/en\/the-bath-of-tomorrow-arthur-and-louiss-degree-project-for-allibert-an-afisb-award-winner\/","url":"https:\/\/ecolededesign.fr\/en\/the-bath-of-tomorrow-arthur-and-louiss-degree-project-for-allibert-an-afisb-award-winner\/","name":"Le projet de dipl\u00f4me avec Allibert prim\u00e9 par les experts du secteur","isPartOf":{"@id":"https:\/\/ecolededesign.fr\/en\/#website"},"primaryImageOfPage":{"@id":"https:\/\/ecolededesign.fr\/en\/the-bath-of-tomorrow-arthur-and-louiss-degree-project-for-allibert-an-afisb-award-winner\/#primaryimage"},"image":{"@id":"https:\/\/ecolededesign.fr\/en\/the-bath-of-tomorrow-arthur-and-louiss-degree-project-for-allibert-an-afisb-award-winner\/#primaryimage"},"thumbnailUrl":"https:\/\/ecolededesign.fr\/wp-content\/uploads\/2020\/07\/moovance.jpg","datePublished":"2020-07-16T10:06:30+00:00","dateModified":"2020-11-13T09:41:29+00:00","description":"Zoom sur Moovance, le projet de dipl\u00f4me autour de la baignoire de demain imagin\u00e9e par Louis Mimpontel et Arthur Caminade, dipl\u00f4m\u00e9s de l'\u00e9cole.","breadcrumb":{"@id":"https:\/\/ecolededesign.fr\/en\/the-bath-of-tomorrow-arthur-and-louiss-degree-project-for-allibert-an-afisb-award-winner\/#breadcrumb"},"inLanguage":"en-US","potentialAction":[{"@type":"ReadAction","target":["https:\/\/ecolededesign.fr\/en\/the-bath-of-tomorrow-arthur-and-louiss-degree-project-for-allibert-an-afisb-award-winner\/"]}]},{"@type":"ImageObject","inLanguage":"en-US","@id":"https:\/\/ecolededesign.fr\/en\/the-bath-of-tomorrow-arthur-and-louiss-degree-project-for-allibert-an-afisb-award-winner\/#primaryimage","url":"https:\/\/ecolededesign.fr\/wp-content\/uploads\/2020\/07\/moovance.jpg","contentUrl":"https:\/\/ecolededesign.fr\/wp-content\/uploads\/2020\/07\/moovance.jpg","width":1080,"height":1080},{"@type":"BreadcrumbList","@id":"https:\/\/ecolededesign.fr\/en\/the-bath-of-tomorrow-arthur-and-louiss-degree-project-for-allibert-an-afisb-award-winner\/#breadcrumb","itemListElement":[{"@type":"ListItem","position":1,"name":"Home","item":"https:\/\/ecolededesign.fr\/en\/"},{"@type":"ListItem","position":2,"name":"The bath of tomorrow \u2013 Arthur and Louis\u2019s degree project for Allibert \u2013 an AFISB award winner"}]},{"@type":"WebSite","@id":"https:\/\/ecolededesign.fr\/en\/#website","url":"https:\/\/ecolededesign.fr\/en\/","name":"Ecole de design - Ecole Sup\u00e9rieure de Design de Troyes","description":"Devenir designer","publisher":{"@id":"https:\/\/ecolededesign.fr\/en\/#organization"},"potentialAction":[{"@type":"SearchAction","target":{"@type":"EntryPoint","urlTemplate":"https:\/\/ecolededesign.fr\/en\/?s={search_term_string}"},"query-input":{"@type":"PropertyValueSpecification","valueRequired":true,"valueName":"search_term_string"}}],"inLanguage":"en-US"},{"@type":"Organization","@id":"https:\/\/ecolededesign.fr\/en\/#organization","name":"Ecole Sup\u00e9rieur de Design","url":"https:\/\/ecolededesign.fr\/en\/","logo":{"@type":"ImageObject","inLanguage":"en-US","@id":"https:\/\/ecolededesign.fr\/en\/#\/schema\/logo\/image\/","url":"https:\/\/ecolededesign.fr\/wp-content\/uploads\/2019\/11\/logo-ecole-design-full@2x.png","contentUrl":"https:\/\/ecolededesign.fr\/wp-content\/uploads\/2019\/11\/logo-ecole-design-full@2x.png","width":364,"height":208,"caption":"Ecole Sup\u00e9rieur de Design"},"image":{"@id":"https:\/\/ecolededesign.fr\/en\/#\/schema\/logo\/image\/"},"sameAs":["https:\/\/www.facebook.com\/ecolesuperieuredesigntroyes\/"]},{"@type":"Person","@id":"https:\/\/ecolededesign.fr\/en\/#\/schema\/person\/ff7c9595ae29d56a067d01514153a77b","name":"Lopez","image":{"@type":"ImageObject","inLanguage":"en-US","@id":"https:\/\/ecolededesign.fr\/en\/#\/schema\/person\/image\/","url":"https:\/\/secure.gravatar.com\/avatar\/7ee7c7dbe457d74153185433b791c255d96165f66cf3096392c0291708fd0f22?s=96&d=mm&r=g","contentUrl":"https:\/\/secure.gravatar.com\/avatar\/7ee7c7dbe457d74153185433b791c255d96165f66cf3096392c0291708fd0f22?s=96&d=mm&r=g","caption":"Lopez"},"sameAs":["Celine"]}]}},"_links":{"self":[{"href":"https:\/\/ecolededesign.fr\/en\/wp-json\/wp\/v2\/posts\/9274","targetHints":{"allow":["GET"]}}],"collection":[{"href":"https:\/\/ecolededesign.fr\/en\/wp-json\/wp\/v2\/posts"}],"about":[{"href":"https:\/\/ecolededesign.fr\/en\/wp-json\/wp\/v2\/types\/post"}],"author":[{"embeddable":true,"href":"https:\/\/ecolededesign.fr\/en\/wp-json\/wp\/v2\/users\/3"}],"replies":[{"embeddable":true,"href":"https:\/\/ecolededesign.fr\/en\/wp-json\/wp\/v2\/comments?post=9274"}],"version-history":[{"count":3,"href":"https:\/\/ecolededesign.fr\/en\/wp-json\/wp\/v2\/posts\/9274\/revisions"}],"predecessor-version":[{"id":9284,"href":"https:\/\/ecolededesign.fr\/en\/wp-json\/wp\/v2\/posts\/9274\/revisions\/9284"}],"wp:featuredmedia":[{"embeddable":true,"href":"https:\/\/ecolededesign.fr\/en\/wp-json\/wp\/v2\/media\/9275"}],"wp:attachment":[{"href":"https:\/\/ecolededesign.fr\/en\/wp-json\/wp\/v2\/media?parent=9274"}],"wp:term":[{"taxonomy":"category","embeddable":true,"href":"https:\/\/ecolededesign.fr\/en\/wp-json\/wp\/v2\/categories?post=9274"},{"taxonomy":"post_tag","embeddable":true,"href":"https:\/\/ecolededesign.fr\/en\/wp-json\/wp\/v2\/tags?post=9274"}],"curies":[{"name":"wp","href":"https:\/\/api.w.org\/{rel}","templated":true}]}}